{"id":174,"date":"2012-11-18T17:52:54","date_gmt":"2012-11-18T15:52:54","guid":{"rendered":"http:\/\/www.anniundphil.de\/heiraten\/?p=174"},"modified":"2013-03-14T17:59:16","modified_gmt":"2013-03-14T15:59:16","slug":"unser-fotograf-markus-schwarze","status":"publish","type":"post","link":"https:\/\/anniundphil.de\/heiraten\/unser-fotograf-markus-schwarze\/","title":{"rendered":"Unser Fotograf: Markus Schwarze"},"content":{"rendered":"<p>Phil wurde bereits 2010 durch die gro\u00dfartigen Portr\u00e4ts im <a href=\"http:\/\/www.flickr.com\/photos\/wefwef\/sets\/72157623286697398\/\" target=\"_blank\">\u201ePicture oft the day\u201c<\/a> Projekt auf <a title=\"Homepage von Markus als Hochzeitsfotograf\" href=\"http:\/\/www.markusschwarze.com\/\" target=\"_blank\">Markus<\/a> aufmerksam; unser Hochzeitstermin stand zu dem Zeitpunkt noch in den Sternen.<\/p>\n<p><img loading=\"lazy\" decoding=\"async\" class=\"alignnone size-full wp-image-189\" title=\"Markus Schwarze\" alt=\"\" src=\"http:\/\/www.anniundphil.de\/heiraten\/wp-content\/uploads\/2012\/10\/markus.jpg\" width=\"900\" height=\"600\" srcset=\"https:\/\/anniundphil.de\/heiraten\/wp-content\/uploads\/2012\/10\/markus.jpg 900w, https:\/\/anniundphil.de\/heiraten\/wp-content\/uploads\/2012\/10\/markus-300x200.jpg 300w\" sizes=\"auto, (max-width: 900px) 100vw, 900px\" \/><\/p>\n<p>Als unser Hochzeitstag feststand und wir nach langem W\u00e4lzen von Blogs und Portfolios eine Liste von Hochzeitsfotografen beisammen hatten, die wir anschreiben wollten, dachte Phil: Warum nicht mit einem Highlight beginnen? Unsere Mail an Markus war dann die einzige, die wir geschrieben haben.<br \/>\nSeine herzliche, offene und ehrliche Art in der ersten Antwort hat uns sofort best\u00e4tigt, dass er der Richtige f\u00fcr uns ist. Wir hatten das gute Gef\u00fchl, dass er sich wirklich auf den Termin freut, mit dem Herzen dabei ist und er unser Fotograf sein will \u2013 dieses Gef\u00fchl haben wir noch heute.<br \/>\n<!--more--><br \/>\nUm uns kennen zu lernen kam er extra nach Berlin und so hatten wir einen ganzen Tag gemeinsam Zeit. Ziemlich schnell kam es uns vor als w\u00fcrden wir mit einem alten Freund zusammen unsere Stadt erkunden. <a title=\"Probeshooting\" href=\"http:\/\/hochzeitsfotos.me\/kennenlern-shooting-in-berlin\/\" target=\"_blank\">Die Fotos<\/a>, die dabei entstanden sind, haben uns einen ordentlichen Schub in Sachen Hochzeitsvorfreude verpasst.<\/p>\n<p><img loading=\"lazy\" decoding=\"async\" class=\"alignnone size-full wp-image-221\" title=\"Kennenlernshooting in Belrin\" alt=\"\" src=\"http:\/\/www.anniundphil.de\/heiraten\/wp-content\/uploads\/2012\/11\/markus1.jpg\" width=\"900\" height=\"600\" srcset=\"https:\/\/anniundphil.de\/heiraten\/wp-content\/uploads\/2012\/11\/markus1.jpg 900w, https:\/\/anniundphil.de\/heiraten\/wp-content\/uploads\/2012\/11\/markus1-300x200.jpg 300w\" sizes=\"auto, (max-width: 900px) 100vw, 900px\" \/><\/p>\n<p>Als es dann im September soweit war, gesellte sich Markus bereits am Freitagabend zum Vorabtreffen der angereisten Familienmitglieder hinzu, so dass auch hier ein gegenseitiges Kennenlernen erfolgte. Den Morgen \u00fcber hat er Annika begleitet und sagenhafte Bilder geschossen. So konnte auch Phil im Nachhinein bei diesem sehr privaten Abschnitt des Tages dabei sein, was ihm, wie er sagt, heute noch Tr\u00e4nen in die Augen treibt.<\/p>\n<p><img loading=\"lazy\" decoding=\"async\" class=\"alignnone size-full wp-image-222\" title=\"Anni beim Ankleiden\" alt=\"\" src=\"http:\/\/www.anniundphil.de\/heiraten\/wp-content\/uploads\/2012\/11\/markus2.jpg\" width=\"900\" height=\"600\" srcset=\"https:\/\/anniundphil.de\/heiraten\/wp-content\/uploads\/2012\/11\/markus2.jpg 900w, https:\/\/anniundphil.de\/heiraten\/wp-content\/uploads\/2012\/11\/markus2-300x200.jpg 300w\" sizes=\"auto, (max-width: 900px) 100vw, 900px\" \/><\/p>\n<p>Beim Standesamt, dem anschlie\u00dfenden Sektempfang und auch auf der Party haben wir Markus immer eher als Gast wahrgenommen, seine Fotoausr\u00fcstung tr\u00e4gt er dezent und unauff\u00e4llig, um nicht selbst in den Fokus zu geraten. Trotzdem ist er immer einsatzbereit und so entstehen sehr authentische Bilder und sein grandioses Auge f\u00fcr Bildausschnitte und Situationen l\u00e4sst beim Anschauen keine Langeweile aufkommen. Selbst entfernteste Bekannte, die den Link zum <a title=\"Auszug aus der Hochzeitsreportage\" href=\"http:\/\/hochzeitsfotos.me\/als-hochzeitsfotograf-in-berlin\/\" target=\"_blank\">Blog-Eintrag<\/a> bekamen, melden sich bei uns, gratulieren zu den tollen Bildern und berichten wie ger\u00fchrt sie sind.<\/p>\n<p><img loading=\"lazy\" decoding=\"async\" class=\"alignnone size-full wp-image-223\" title=\"Spa\u00df im Park\" alt=\"\" src=\"http:\/\/www.anniundphil.de\/heiraten\/wp-content\/uploads\/2012\/11\/markus3.jpg\" width=\"900\" height=\"600\" srcset=\"https:\/\/anniundphil.de\/heiraten\/wp-content\/uploads\/2012\/11\/markus3.jpg 900w, https:\/\/anniundphil.de\/heiraten\/wp-content\/uploads\/2012\/11\/markus3-300x200.jpg 300w\" sizes=\"auto, (max-width: 900px) 100vw, 900px\" \/><\/p>\n<p>Beim Paarshooting war er sich f\u00fcr nichts zu schade, ging voll auf uns und unsere Pers\u00f6nlichkeit ein und hatte sichtlich Spa\u00df dabei, auch ein paar nicht ganz so ernste Sachen umzusetzen. Die Bilder sind der Wahnsinn und wenn wir das alles mal verarbeitet haben, werden wir uns dank Markus und seiner exzellenten Arbeit immer an diesen Tag zur\u00fcckversetzen k\u00f6nnen und ihn von Anfang bis Ende noch einmal durchleben d\u00fcrfen!<\/p>\n<p><img loading=\"lazy\" decoding=\"async\" class=\"alignnone size-full wp-image-224\" title=\"Knutschen beim Paarshooting\" alt=\"\" src=\"http:\/\/www.anniundphil.de\/heiraten\/wp-content\/uploads\/2012\/11\/markus4.jpg\" width=\"900\" height=\"600\" srcset=\"https:\/\/anniundphil.de\/heiraten\/wp-content\/uploads\/2012\/11\/markus4.jpg 900w, https:\/\/anniundphil.de\/heiraten\/wp-content\/uploads\/2012\/11\/markus4-300x200.jpg 300w\" sizes=\"auto, (max-width: 900px) 100vw, 900px\" \/><\/p>\n<p>Herzlichsten Dank, lieber Markus! Das war nicht das letzte Mal, dass wir dich in Anspruch genommen haben. \ud83d\ude09<\/p>\n","protected":false},"excerpt":{"rendered":"<p>Phil wurde bereits 2010 durch die gro\u00dfartigen Portr\u00e4ts im \u201ePicture oft the day\u201c Projekt auf Markus aufmerksam; unser Hochzeitstermin stand zu dem Zeitpunkt noch in den Sternen. Als unser Hochzeitstag feststand und wir nach langem W\u00e4lzen von Blogs und Portfolios &hellip; <a href=\"https:\/\/anniundphil.de\/heiraten\/unser-fotograf-markus-schwarze\/\">Weiterlesen<\/a><\/p>\n","protected":false},"author":1,"featured_media":0,"comment_status":"open","ping_status":"open","sticky":false,"template":"","format":"standard","meta":{"footnotes":""},"categories":[1],"tags":[15,16],"class_list":["post-174","post","type-post","status-publish","format-standard","hentry","category-allgemein","tag-fotos","tag-profis"],"jetpack_featured_media_url":"","_links":{"self":[{"href":"https:\/\/anniundphil.de\/heiraten\/wp-json\/wp\/v2\/posts\/174","targetHints":{"allow":["GET"]}}],"collection":[{"href":"https:\/\/anniundphil.de\/heiraten\/wp-json\/wp\/v2\/posts"}],"about":[{"href":"https:\/\/anniundphil.de\/heiraten\/wp-json\/wp\/v2\/types\/post"}],"author":[{"embeddable":true,"href":"https:\/\/anniundphil.de\/heiraten\/wp-json\/wp\/v2\/users\/1"}],"replies":[{"embeddable":true,"href":"https:\/\/anniundphil.de\/heiraten\/wp-json\/wp\/v2\/comments?post=174"}],"version-history":[{"count":29,"href":"https:\/\/anniundphil.de\/heiraten\/wp-json\/wp\/v2\/posts\/174\/revisions"}],"predecessor-version":[{"id":419,"href":"https:\/\/anniundphil.de\/heiraten\/wp-json\/wp\/v2\/posts\/174\/revisions\/419"}],"wp:attachment":[{"href":"https:\/\/anniundphil.de\/heiraten\/wp-json\/wp\/v2\/media?parent=174"}],"wp:term":[{"taxonomy":"category","embeddable":true,"href":"https:\/\/anniundphil.de\/heiraten\/wp-json\/wp\/v2\/categories?post=174"},{"taxonomy":"post_tag","embeddable":true,"href":"https:\/\/anniundphil.de\/heiraten\/wp-json\/wp\/v2\/tags?post=174"}],"curies":[{"name":"wp","href":"https:\/\/api.w.org\/{rel}","templated":true}]}}